{"id":483,"date":"2021-11-04T09:39:56","date_gmt":"2021-11-04T08:39:56","guid":{"rendered":"https:\/\/holgy.de\/?p=483"},"modified":"2022-02-25T13:32:16","modified_gmt":"2022-02-25T12:32:16","slug":"christoph-12-erinnerungen-1","status":"publish","type":"post","link":"https:\/\/holgy.de\/?p=483","title":{"rendered":"Christoph 12 &#8211; Erinnerungen 1"},"content":{"rendered":"\n<div class=\"wp-block-image\"><figure class=\"aligncenter size-medium\"><a href=\"https:\/\/holgy.de\/wp-content\/uploads\/2021\/11\/Bundesarchiv_B_422_Bild-0242_Zivilschutz_ADAC-Hubschrauber_MBB_BO_105.jpg\" target=\"_blank\" rel=\"noopener\"><img loading=\"lazy\" decoding=\"async\" width=\"300\" height=\"288\" src=\"https:\/\/holgy.de\/wp-content\/uploads\/2021\/11\/Bundesarchiv_B_422_Bild-0242_Zivilschutz_ADAC-Hubschrauber_MBB_BO_105-300x288.jpg\" alt=\"\" class=\"wp-image-484\" srcset=\"https:\/\/holgy.de\/wp-content\/uploads\/2021\/11\/Bundesarchiv_B_422_Bild-0242_Zivilschutz_ADAC-Hubschrauber_MBB_BO_105-300x288.jpg 300w, https:\/\/holgy.de\/wp-content\/uploads\/2021\/11\/Bundesarchiv_B_422_Bild-0242_Zivilschutz_ADAC-Hubschrauber_MBB_BO_105-768x738.jpg 768w, https:\/\/holgy.de\/wp-content\/uploads\/2021\/11\/Bundesarchiv_B_422_Bild-0242_Zivilschutz_ADAC-Hubschrauber_MBB_BO_105-312x300.jpg 312w, https:\/\/holgy.de\/wp-content\/uploads\/2021\/11\/Bundesarchiv_B_422_Bild-0242_Zivilschutz_ADAC-Hubschrauber_MBB_BO_105.jpg 800w\" sizes=\"auto, (max-width: 300px) 85vw, 300px\" \/><\/a><figcaption>Von Bundesarchiv, B 422 Bild-0242 \/ CC-BY-SA 3.0, CC BY-SA 3.0 de, https:\/\/commons.wikimedia.org\/w\/index.php?curid=5337829<\/figcaption><\/figure><\/div>\n\n\n\n<p>Am 1. Juni 1976 ging der Rettungshubschrauber (RTH) Christoph 12 im Kreis Ostholstein in den Dienst. Die Piloten wurden und werden immer noch von der, damals noch Bundesgrenzschutz (BGS) heute Bundespolizei Fliegerstaffel Nord aus Fuhlendorf gestellt. Das medizinische Personal zuerst vom DRK-Ostholstein und der Notarzt vom Krankenhaus Eutin gestellt. Betreiber war und ist das&nbsp; Bundesministerium des Inneren.<\/p>\n\n\n\n<p>Meine Rettungsdienst Zeit begann am 1. M\u00e4rz 1976 bei den Maltesern in Timmendorfer Strand. Erst noch ehrenamtlich, sprich Wochenende und in den Ferien, dann Hauptamtlich ab 1. September 1978. Das ist aber eine andere Geschichte.<\/p>\n\n\n\n<p>Also war ich quasi damals zur Er\u00f6ffnung der RTH Station auch ein &#8222;Frischling&#8220; in Ostholstein. Die Leitstelle war noch im Kreishaus in Eutin, dort ist der Christoph 12 auch einmal im Innenhof gelandet, sauber eingeparkt (irgendwo habe ich noch den Zeitungsbericht).<\/p>\n\n\n\n<p>Tja und dann gibt es da jede Menge von <strong>Erinnerungen<\/strong>: <\/p>\n\n\n\n<p><em>meine erste pers\u00f6nliche Erfahrung machte ich dann im Sommer 1976<\/em>, <\/p>\n\n\n\n<p>wir waren einsatzbereit auf der R\u00fcckfahrt vom Krankenhaus Eutin auf der B 76 Richtung K\u00fcste. Von der Leitstelle wurde \u00fcber Funk unser Standort abgefragt und wir dann ging es zu einem Verkehrsunfall am&#8220;S\u00fcseler Baum&#8220; (B 76\/B207), zeitgleich wurde ein zweiter RTW in Eutin sowie der RTH Chr. 12 dazu alarmiert. Damals war das ein echter Unfallschwerpunkt. Die BAB A1 ab L\u00fcbeck war erst in der Planungs- bzw. Bauphase und der gesamte Verkehr ging \u00fcber die B207cin Richtung Skandinavien. Ebenso f\u00fchrte die B76 von Haffkrug kommend durch die Orte Stawedder und S\u00fcsel in richtung Kiel.<\/p>\n\n\n\n<div class=\"wp-block-image\"><figure class=\"aligncenter size-medium\"><a href=\"https:\/\/holgy.de\/wp-content\/uploads\/2021\/11\/IMG_20211104_135441-01_copy_1094x1459_edit_700798655345148.jpg\" target=\"_blank\" rel=\"noopener\"><img loading=\"lazy\" decoding=\"async\" width=\"225\" height=\"300\" src=\"https:\/\/holgy.de\/wp-content\/uploads\/2021\/11\/IMG_20211104_135441-01_copy_1094x1459_edit_700798655345148-225x300.jpg\" alt=\"\" class=\"wp-image-489\" srcset=\"https:\/\/holgy.de\/wp-content\/uploads\/2021\/11\/IMG_20211104_135441-01_copy_1094x1459_edit_700798655345148-225x300.jpg 225w, https:\/\/holgy.de\/wp-content\/uploads\/2021\/11\/IMG_20211104_135441-01_copy_1094x1459_edit_700798655345148-768x1024.jpg 768w, https:\/\/holgy.de\/wp-content\/uploads\/2021\/11\/IMG_20211104_135441-01_copy_1094x1459_edit_700798655345148-810x1080.jpg 810w, https:\/\/holgy.de\/wp-content\/uploads\/2021\/11\/IMG_20211104_135441-01_copy_1094x1459_edit_700798655345148.jpg 1094w\" sizes=\"auto, (max-width: 225px) 85vw, 225px\" \/><\/a><\/figure><\/div>\n\n\n\n<p>Ein Patient lag anschlie\u00dfend in unserem RTW und wurde vom Notarzt und Sani des RTH ins Krankenhaus Eutin begleitet. Um die  akzeptanz zum RTH zu st\u00e4rken wurde damals dem fahrenden Personal oft angeboten mit zu fliegen. Diesmal war ich dran&#8230;. <\/p>\n\n\n\n<p>Ich wei\u00df leider nicht mehr wer damals Pilot auf dem RTH wa, es k\u00f6nnte &#8222;Heiner&#8220; oder auch &#8222;Willi&#8220; gewesen sein, es kam jedenfalls die Nachfrage ob ich schon einmal im Hubschrauber unterwegs war&#8230;. wahrheitsgem\u00e4\u00df sagte ich nein und ab ging die Reise. <\/p>\n\n\n\n<p>Es ging per &#8222;<a rel=\"noreferrer noopener\" href=\"https:\/\/dewiki.de\/Lexikon\/Konturenflug\" data-type=\"URL\" data-id=\"https:\/\/dewiki.de\/Lexikon\/Konturenflug\" target=\"_blank\">Kontourenflug<\/a>&#8220; zur\u00fcck nach Eutin. das bedeutet das jeder Hang oder Wald ziemlich knapp \u00fcberflogen wurde, auch die Kurvenlage war schon beeindruckend. Das hat wirklich nicht lange gedauert aber ich bin blass und mit weichen Knien wieder aus dem Hubschrauber ausgestiegen und blieb erst einmal auf der Landeplattform sitzen&#8230;&#8230;<\/p>\n\n\n\n<p><\/p>\n","protected":false},"excerpt":{"rendered":"<p>Am 1. Juni 1976 ging der Rettungshubschrauber (RTH) Christoph 12 im Kreis Ostholstein in den Dienst. Die Piloten wurden und werden immer noch von der, damals noch Bundesgrenzschutz (BGS) heute Bundespolizei Fliegerstaffel Nord aus Fuhlendorf gestellt. Das medizinische Personal zuerst vom DRK-Ostholstein und der Notarzt vom Krankenhaus Eutin gestellt. Betreiber war und ist das&nbsp; Bundesministerium &hellip; <a href=\"https:\/\/holgy.de\/?p=483\" class=\"more-link\"><span class=\"screen-reader-text\">\u201eChristoph 12 &#8211; Erinnerungen 1\u201c <\/span>weiterlesen<\/a><\/p>\n","protected":false},"author":1,"featured_media":0,"comment_status":"closed","ping_status":"open","sticky":false,"template":"","format":"standard","meta":{"_jetpack_memberships_contains_paid_content":false,"footnotes":""},"categories":[126,127],"tags":[130,132,128,129,131],"class_list":["post-483","post","type-post","status-publish","format-standard","hentry","category-erinnerungen","category-rettungsdienst","tag-christoph12","tag-erinnerungen","tag-rettungsdienst","tag-rettungshubschrauber","tag-sueseler-baum"],"jetpack_featured_media_url":"","jetpack_sharing_enabled":true,"_links":{"self":[{"href":"https:\/\/holgy.de\/index.php?rest_route=\/wp\/v2\/posts\/483","targetHints":{"allow":["GET"]}}],"collection":[{"href":"https:\/\/holgy.de\/index.php?rest_route=\/wp\/v2\/posts"}],"about":[{"href":"https:\/\/holgy.de\/index.php?rest_route=\/wp\/v2\/types\/post"}],"author":[{"embeddable":true,"href":"https:\/\/holgy.de\/index.php?rest_route=\/wp\/v2\/users\/1"}],"replies":[{"embeddable":true,"href":"https:\/\/holgy.de\/index.php?rest_route=%2Fwp%2Fv2%2Fcomments&post=483"}],"version-history":[{"count":6,"href":"https:\/\/holgy.de\/index.php?rest_route=\/wp\/v2\/posts\/483\/revisions"}],"predecessor-version":[{"id":730,"href":"https:\/\/holgy.de\/index.php?rest_route=\/wp\/v2\/posts\/483\/revisions\/730"}],"wp:attachment":[{"href":"https:\/\/holgy.de\/index.php?rest_route=%2Fwp%2Fv2%2Fmedia&parent=483"}],"wp:term":[{"taxonomy":"category","embeddable":true,"href":"https:\/\/holgy.de\/index.php?rest_route=%2Fwp%2Fv2%2Fcategories&post=483"},{"taxonomy":"post_tag","embeddable":true,"href":"https:\/\/holgy.de\/index.php?rest_route=%2Fwp%2Fv2%2Ftags&post=483"}],"curies":[{"name":"wp","href":"https:\/\/api.w.org\/{rel}","templated":true}]}}